{"id":140,"date":"2026-03-11T16:56:10","date_gmt":"2026-03-11T16:56:10","guid":{"rendered":"https:\/\/fondationgresigny.fr\/?p=140"},"modified":"2026-03-12T09:30:27","modified_gmt":"2026-03-12T09:30:27","slug":"prix-de-la-fondation-gresigny","status":"publish","type":"post","link":"https:\/\/fondationgresigny.fr\/index.php\/2026\/03\/11\/prix-de-la-fondation-gresigny\/","title":{"rendered":"Prix M\u00e9rim\u00e9e Fondation Gr\u00e9signy"},"content":{"rendered":"<h4><img loading=\"lazy\" decoding=\"async\" class=\"aligncenter wp-image-144 \" src=\"https:\/\/fondationgresigny.fr\/wp-content\/uploads\/2026\/03\/Gresigny_Merimee_logo.png\" alt=\"\" width=\"480\" height=\"180\" srcset=\"https:\/\/fondationgresigny.fr\/wp-content\/uploads\/2026\/03\/Gresigny_Merimee_logo.png 798w, https:\/\/fondationgresigny.fr\/wp-content\/uploads\/2026\/03\/Gresigny_Merimee_logo-300x113.png 300w, https:\/\/fondationgresigny.fr\/wp-content\/uploads\/2026\/03\/Gresigny_Merimee_logo-768x289.png 768w\" sizes=\"auto, (max-width: 480px) 100vw, 480px\" \/><\/h4>\n<h4>Dot\u00e9 de <strong>20 000 euros<\/strong>, ce prix a pour but de soutenir des projets de restauration portant sur une d\u00e9pendance d\u2019un monument ou d\u2019un jardin historiques ouverts au public : orangerie, pigeonnier, serre, fabrique\u2026..<\/h4>\n<p>Il est attribu\u00e9 chaque ann\u00e9e par un jury organis\u00e9 par la <strong>Fondation M\u00e9rim\u00e9e. <\/strong><\/p>\n<blockquote><p>Il existe plus de 46 000 monuments historiques en France. La Fondation M\u00e9rim\u00e9e met en \u0153uvre chaque ann\u00e9e des prix financ\u00e9s par des m\u00e9c\u00e8nes, pour permettre \u00e0 des propri\u00e9taires d\u2019effectuer des travaux de restauration ou de pr\u00e9servation de leur patrimoine .<\/p><\/blockquote>\n<p><a href=\"https:\/\/fondationmh.fr\/prix\/fondation-gresigny\/\" target=\"_blank\" rel=\"noopener\"><strong>Site de la Fondation M\u00e9rim\u00e9e<\/strong><\/a><\/p>\n<section class=\"elementor-section elementor-inner-section elementor-element elementor-element-2ef0d770 elementor-section-full_width elementor-section-height-default elementor-section-height-default\" data-id=\"2ef0d770\" data-element_type=\"section\" data-settings=\"{&quot;jet_parallax_layout_list&quot;:[]}\">\n<div class=\"elementor-container elementor-column-gap-no\">\n<div class=\"elementor-column elementor-col-50 elementor-inner-column elementor-element elementor-element-81030a7\" data-id=\"81030a7\" data-element_type=\"column\">\n<div class=\"elementor-widget-wrap elementor-element-populated\">\n<div class=\"elementor-element elementor-element-e971575 elementor-widget elementor-widget-heading\" data-id=\"e971575\" data-element_type=\"widget\" data-widget_type=\"heading.default\">\n<div>\n<hr \/>\n<\/div>\n<div class=\"elementor-widget-container\"><span class=\"elementor-heading-title elementor-size-default\"><strong>Informations sur le Prix de la Fondation Gr\u00e9signy<\/strong> <\/span><\/div>\n<div class=\"elementor-widget-container\"><span class=\"elementor-heading-title elementor-size-default\">P\u00e9riode de candidature : du 15 f\u00e9vrier au 15 mars<\/span><\/div>\n<\/div>\n<\/div>\n<\/div>\n<\/div>\n<\/section>\n<section class=\"elementor-section elementor-inner-section elementor-element elementor-element-d30edb7 elementor-section-full_width elementor-section-height-default elementor-section-height-default\" data-id=\"d30edb7\" data-element_type=\"section\" data-settings=\"{&quot;jet_parallax_layout_list&quot;:[]}\">\n<div class=\"elementor-container elementor-column-gap-no\">\n<div class=\"elementor-column elementor-col-50 elementor-inner-column elementor-element elementor-element-6284747f\" data-id=\"6284747f\" data-element_type=\"column\">\n<div class=\"elementor-widget-wrap elementor-element-populated\">\n<div class=\"elementor-element elementor-element-e0c2bee elementor-widget elementor-widget-heading\" data-id=\"e0c2bee\" data-element_type=\"widget\" data-widget_type=\"heading.default\">\n<div><\/div>\n<div class=\"elementor-widget-container\"><span class=\"elementor-heading-title elementor-size-default\"><span style=\"text-decoration: underline;\">OBJET DU PRIX\u00a0<\/span><br \/>\n<\/span>Le Prix encourage un ou plusieurs projets de restauration portant sur une d\u00e9pendance d\u2019un monument historique.<\/div>\n<\/div>\n<\/div>\n<\/div>\n<\/div>\n<\/section>\n<section class=\"elementor-section elementor-inner-section elementor-element elementor-element-21c3b13 elementor-section-full_width elementor-section-height-default elementor-section-height-default\" data-id=\"21c3b13\" data-element_type=\"section\" data-settings=\"{&quot;jet_parallax_layout_list&quot;:[]}\">\n<div class=\"elementor-container elementor-column-gap-no\">\n<div class=\"elementor-column elementor-col-50 elementor-inner-column elementor-element elementor-element-471c1ec\" data-id=\"471c1ec\" data-element_type=\"column\">\n<div class=\"elementor-widget-wrap elementor-element-populated\">\n<div class=\"elementor-element elementor-element-61a8326 elementor-widget elementor-widget-heading\" data-id=\"61a8326\" data-element_type=\"widget\" data-widget_type=\"heading.default\">\n<h4 class=\"elementor-widget-container\"><span class=\"elementor-heading-title elementor-size-default\"><br \/>\n<span style=\"color: #3366ff;\"><a style=\"color: #3366ff;\" href=\"https:\/\/fondationmh.fr\/prix\/fondation-gresigny\/\" target=\"_blank\" rel=\"noopener\"><strong>Vous souhaitez candidater ?<br \/>\n<\/strong><\/a><\/span><a href=\"https:\/\/fondationmh.fr\/prix\/fondation-gresigny\/\" target=\"_blank\" rel=\"noopener\"><strong>Informations et modalit\u00e9s de candidature<\/strong><\/a><a href=\"https:\/\/fondationmh.fr\/prix\/fondation-gresigny\/\" target=\"_blank\" rel=\"noopener\"><strong><br \/>\nsur le site de la Fondation M\u00e9rim\u00e9e<br \/>\nou en cliquant sur ce lien<\/strong><\/a><\/span><\/h4>\n<\/div>\n<\/div>\n<\/div>\n<\/div>\n<\/section>\n","protected":false},"excerpt":{"rendered":"<p>Dot\u00e9 de 20 000 euros, ce prix a pour but de soutenir des projets de&#8230;<\/p>\n<div class=\"more-link-wrapper\"><a class=\"more-link\" href=\"https:\/\/fondationgresigny.fr\/index.php\/2026\/03\/11\/prix-de-la-fondation-gresigny\/\">Lire l\u2019article&#8230;<span class=\"screen-reader-text\">Prix M\u00e9rim\u00e9e Fondation Gr\u00e9signy<\/span><\/a><\/div>\n","protected":false},"author":1,"featured_media":156,"comment_status":"closed","ping_status":"open","sticky":false,"template":"","format":"standard","meta":{"footnotes":""},"categories":[4],"tags":[],"class_list":["post-140","post","type-post","status-publish","format-standard","has-post-thumbnail","hentry","category-culture","excerpt","zoom","full-without-featured","even","excerpt-0"],"_links":{"self":[{"href":"https:\/\/fondationgresigny.fr\/index.php\/wp-json\/wp\/v2\/posts\/140","targetHints":{"allow":["GET"]}}],"collection":[{"href":"https:\/\/fondationgresigny.fr\/index.php\/wp-json\/wp\/v2\/posts"}],"about":[{"href":"https:\/\/fondationgresigny.fr\/index.php\/wp-json\/wp\/v2\/types\/post"}],"author":[{"embeddable":true,"href":"https:\/\/fondationgresigny.fr\/index.php\/wp-json\/wp\/v2\/users\/1"}],"replies":[{"embeddable":true,"href":"https:\/\/fondationgresigny.fr\/index.php\/wp-json\/wp\/v2\/comments?post=140"}],"version-history":[{"count":15,"href":"https:\/\/fondationgresigny.fr\/index.php\/wp-json\/wp\/v2\/posts\/140\/revisions"}],"predecessor-version":[{"id":164,"href":"https:\/\/fondationgresigny.fr\/index.php\/wp-json\/wp\/v2\/posts\/140\/revisions\/164"}],"wp:featuredmedia":[{"embeddable":true,"href":"https:\/\/fondationgresigny.fr\/index.php\/wp-json\/wp\/v2\/media\/156"}],"wp:attachment":[{"href":"https:\/\/fondationgresigny.fr\/index.php\/wp-json\/wp\/v2\/media?parent=140"}],"wp:term":[{"taxonomy":"category","embeddable":true,"href":"https:\/\/fondationgresigny.fr\/index.php\/wp-json\/wp\/v2\/categories?post=140"},{"taxonomy":"post_tag","embeddable":true,"href":"https:\/\/fondationgresigny.fr\/index.php\/wp-json\/wp\/v2\/tags?post=140"}],"curies":[{"name":"wp","href":"https:\/\/api.w.org\/{rel}","templated":true}]}}