{"id":159,"date":"2026-03-11T17:09:52","date_gmt":"2026-03-11T17:09:52","guid":{"rendered":"https:\/\/fondationgresigny.fr\/?p=159"},"modified":"2026-03-11T17:12:07","modified_gmt":"2026-03-11T17:12:07","slug":"prix-vmf-fondation-gresigny","status":"publish","type":"post","link":"https:\/\/fondationgresigny.fr\/index.php\/2026\/03\/11\/prix-vmf-fondation-gresigny\/","title":{"rendered":"Prix VMF Fondation Gr\u00e9signy"},"content":{"rendered":"<h4><img loading=\"lazy\" decoding=\"async\" class=\"aligncenter wp-image-161\" src=\"https:\/\/fondationgresigny.fr\/wp-content\/uploads\/2026\/03\/Gresigny_VMF_logo.png\" alt=\"\" width=\"480\" height=\"180\" srcset=\"https:\/\/fondationgresigny.fr\/wp-content\/uploads\/2026\/03\/Gresigny_VMF_logo.png 798w, https:\/\/fondationgresigny.fr\/wp-content\/uploads\/2026\/03\/Gresigny_VMF_logo-300x113.png 300w, https:\/\/fondationgresigny.fr\/wp-content\/uploads\/2026\/03\/Gresigny_VMF_logo-768x289.png 768w\" sizes=\"auto, (max-width: 480px) 100vw, 480px\" \/><\/h4>\n<h4>Dot\u00e9 de <strong>15 000 euros<\/strong>, ce prix r\u00e9compense un projet de restauration d\u2019un petit patrimoine religieux : calvaires, cloches, fresques, vitraux\u2026<\/h4>\n<p>Il est attribu\u00e9 chaque ann\u00e9e par un jury organis\u00e9 par les <strong>VMF &#8211; Vieilles Maisons Fran\u00e7aises.<\/strong><\/p>\n<p>Les VMF sont une association de sauvegarde du patrimoine qui rassemble pr\u00e8s de 17.000 propri\u00e9taires de demeures anciennes . Elle se consacre \u00e0 la sauvegarde et \u00e0 la mise en valeur du patrimoine b\u00e2ti , paysager et mobilier en accomplissant une mission d\u2019int\u00e9r\u00eat g\u00e9n\u00e9ral au service de tous.<\/p>\n<p><a href=\"https:\/\/www.vmfpatrimoine.org\/vmf-en-action\/prix-et-labels-vmf\/prix-nationaux\/patrimoine-religieux\" target=\"_blank\" rel=\"noopener\"><strong>Site des VMF &#8211; Vieilles Maisons Fran\u00e7aises<\/strong><\/a><\/p>\n<hr \/>\n<section class=\"elementor-section elementor-inner-section elementor-element elementor-element-2ef0d770 elementor-section-full_width elementor-section-height-default elementor-section-height-default\" data-id=\"2ef0d770\" data-element_type=\"section\" data-settings=\"{&quot;jet_parallax_layout_list&quot;:[]}\">\n<div class=\"elementor-container elementor-column-gap-no\">\n<div class=\"elementor-column elementor-col-50 elementor-inner-column elementor-element elementor-element-81030a7\" data-id=\"81030a7\" data-element_type=\"column\">\n<div class=\"elementor-widget-wrap elementor-element-populated\">\n<div class=\"elementor-element elementor-element-e971575 elementor-widget elementor-widget-heading\" data-id=\"e971575\" data-element_type=\"widget\" data-widget_type=\"heading.default\">\n<div class=\"elementor-widget-container\"><span class=\"elementor-heading-title elementor-size-default\"><strong>Informations sur le Prix VMF &#8211; Fondation Gr\u00e9signy<\/strong> <\/span><\/div>\n<div class=\"elementor-widget-container\"><span class=\"elementor-heading-title elementor-size-default\">P\u00e9riode de candidature : Candidatures ferm\u00e9es<\/span><\/div>\n<\/div>\n<\/div>\n<\/div>\n<\/div>\n<\/section>\n<section class=\"elementor-section elementor-inner-section elementor-element elementor-element-d30edb7 elementor-section-full_width elementor-section-height-default elementor-section-height-default\" data-id=\"d30edb7\" data-element_type=\"section\" data-settings=\"{&quot;jet_parallax_layout_list&quot;:[]}\">\n<div class=\"elementor-container elementor-column-gap-no\">\n<div class=\"elementor-column elementor-col-50 elementor-inner-column elementor-element elementor-element-6284747f\" data-id=\"6284747f\" data-element_type=\"column\">\n<div class=\"elementor-widget-wrap elementor-element-populated\">\n<div class=\"elementor-element elementor-element-e0c2bee elementor-widget elementor-widget-heading\" data-id=\"e0c2bee\" data-element_type=\"widget\" data-widget_type=\"heading.default\">\n<div><\/div>\n<div class=\"elementor-widget-container\"><span class=\"elementor-heading-title elementor-size-default\">OBJET DU PRIX<br \/>\n<\/span>Les prix nationaux, dont la liste est mise \u00e0 jour chaque ann\u00e9e, sont attribu\u00e9s sur concours par un jury de m\u00e9c\u00e8nes et l\u2019association VMF. Ils ont pour vocation d\u2019encourager toute action de sauvegarde du patrimoine : travail de restauration, mise en valeur du patrimoine b\u00e2ti ou paysager, du patrimoine religieux, objet mobilier et artisanat d\u2019art, implication des propri\u00e9taires, primo-acquisition&#8230; Ce concours r\u00e9compense des restaurations \u00e0 venir ou en cours.<\/div>\n<\/div>\n<\/div>\n<\/div>\n<\/div>\n<\/section>\n<section class=\"elementor-section elementor-inner-section elementor-element elementor-element-21c3b13 elementor-section-full_width elementor-section-height-default elementor-section-height-default\" data-id=\"21c3b13\" data-element_type=\"section\" data-settings=\"{&quot;jet_parallax_layout_list&quot;:[]}\">\n<div class=\"elementor-container elementor-column-gap-no\">\n<div class=\"elementor-column elementor-col-50 elementor-inner-column elementor-element elementor-element-471c1ec\" data-id=\"471c1ec\" data-element_type=\"column\">\n<div class=\"elementor-widget-wrap elementor-element-populated\">\n<div class=\"elementor-element elementor-element-61a8326 elementor-widget elementor-widget-heading\" data-id=\"61a8326\" data-element_type=\"widget\" data-widget_type=\"heading.default\">\n<h4 class=\"elementor-widget-container\"><span class=\"elementor-heading-title elementor-size-default\"><br \/>\n<a href=\"https:\/\/www.vmfpatrimoine.org\/vmf-en-action\/prix-et-labels-vmf\/prix-nationaux\/patrimoine-religieux\" target=\"_blank\" rel=\"noopener\"><strong><span style=\"color: #2d8fcf;\">Vous souhaitez candidater ?<\/span><br \/>\n<\/strong><\/a><a href=\"https:\/\/fondationmh.fr\/prix\/fondation-gresigny\/\" target=\"_blank\" rel=\"noopener\"><strong>Informations et modalit\u00e9s de candidature<\/strong><\/a><a href=\"https:\/\/fondationmh.fr\/prix\/fondation-gresigny\/\" target=\"_blank\" rel=\"noopener\"><strong><br \/>\nsur le site des VMF ou en cliquant sur ce lien<\/strong><\/a><\/span><\/h4>\n<\/div>\n<\/div>\n<\/div>\n<\/div>\n<\/section>\n","protected":false},"excerpt":{"rendered":"<p>Dot\u00e9 de 15 000 euros, ce prix r\u00e9compense un projet de restauration d\u2019un petit patrimoine&#8230;<\/p>\n<div class=\"more-link-wrapper\"><a class=\"more-link\" href=\"https:\/\/fondationgresigny.fr\/index.php\/2026\/03\/11\/prix-vmf-fondation-gresigny\/\">Lire l\u2019article&#8230;<span class=\"screen-reader-text\">Prix VMF Fondation Gr\u00e9signy<\/span><\/a><\/div>\n","protected":false},"author":1,"featured_media":163,"comment_status":"closed","ping_status":"open","sticky":false,"template":"","format":"standard","meta":{"footnotes":""},"categories":[4],"tags":[],"class_list":["post-159","post","type-post","status-publish","format-standard","has-post-thumbnail","hentry","category-culture","excerpt","zoom","full-without-featured","even","excerpt-0"],"_links":{"self":[{"href":"https:\/\/fondationgresigny.fr\/index.php\/wp-json\/wp\/v2\/posts\/159","targetHints":{"allow":["GET"]}}],"collection":[{"href":"https:\/\/fondationgresigny.fr\/index.php\/wp-json\/wp\/v2\/posts"}],"about":[{"href":"https:\/\/fondationgresigny.fr\/index.php\/wp-json\/wp\/v2\/types\/post"}],"author":[{"embeddable":true,"href":"https:\/\/fondationgresigny.fr\/index.php\/wp-json\/wp\/v2\/users\/1"}],"replies":[{"embeddable":true,"href":"https:\/\/fondationgresigny.fr\/index.php\/wp-json\/wp\/v2\/comments?post=159"}],"version-history":[{"count":2,"href":"https:\/\/fondationgresigny.fr\/index.php\/wp-json\/wp\/v2\/posts\/159\/revisions"}],"predecessor-version":[{"id":162,"href":"https:\/\/fondationgresigny.fr\/index.php\/wp-json\/wp\/v2\/posts\/159\/revisions\/162"}],"wp:featuredmedia":[{"embeddable":true,"href":"https:\/\/fondationgresigny.fr\/index.php\/wp-json\/wp\/v2\/media\/163"}],"wp:attachment":[{"href":"https:\/\/fondationgresigny.fr\/index.php\/wp-json\/wp\/v2\/media?parent=159"}],"wp:term":[{"taxonomy":"category","embeddable":true,"href":"https:\/\/fondationgresigny.fr\/index.php\/wp-json\/wp\/v2\/categories?post=159"},{"taxonomy":"post_tag","embeddable":true,"href":"https:\/\/fondationgresigny.fr\/index.php\/wp-json\/wp\/v2\/tags?post=159"}],"curies":[{"name":"wp","href":"https:\/\/api.w.org\/{rel}","templated":true}]}}